{"id":638,"date":"2016-08-26T19:17:34","date_gmt":"2016-08-26T16:17:34","guid":{"rendered":"http:\/\/www.valiniemi.com\/?p=638"},"modified":"2016-09-29T21:47:27","modified_gmt":"2016-09-29T18:47:27","slug":"tamron-sp-150-600mm-f5-6-3-di-vc-usd","status":"publish","type":"post","link":"https:\/\/www.valiniemi.com\/?p=638","title":{"rendered":"Tamron SP 150-600mm F\/5-6.3 Di VC USD"},"content":{"rendered":"<p>Ja niin hetken mielijohteesta menin ja vaihdoin 70-300mm:n objektiivini hiukan ulottuvampaan malliin. T\u00e4m\u00e4 on Foto-Formasta napattu, kuten kaikki muutkin kameratavarat.<\/p>\n<p>Linssiin viel\u00e4 suojaksi 95mm:n\u00a0Kenko Realpro protector.<\/p>\n<div id=\"attachment_1027\" style=\"width: 664px\" class=\"wp-caption alignnone\"><img loading=\"lazy\" decoding=\"async\" aria-describedby=\"caption-attachment-1027\" class=\"wp-image-1027 size-large\" src=\"https:\/\/www.valiniemi.com\/wp-content\/uploads\/2016\/09\/20160826_184451-1024x576.jpg\" alt=\"20160826_184451\" width=\"654\" height=\"368\" srcset=\"https:\/\/www.valiniemi.com\/wp-content\/uploads\/2016\/09\/20160826_184451-1024x576.jpg 1024w, https:\/\/www.valiniemi.com\/wp-content\/uploads\/2016\/09\/20160826_184451-300x169.jpg 300w, https:\/\/www.valiniemi.com\/wp-content\/uploads\/2016\/09\/20160826_184451-768x432.jpg 768w, https:\/\/www.valiniemi.com\/wp-content\/uploads\/2016\/09\/20160826_184451-2x1.jpg 2w\" sizes=\"auto, (max-width: 654px) 100vw, 654px\" \/><p id=\"caption-attachment-1027\" class=\"wp-caption-text\">Tamron SP 150-600mm F\/5-6.3 Vi VC USD<\/p><\/div>\n<p>&nbsp;<\/p>\n<div id=\"attachment_1028\" style=\"width: 664px\" class=\"wp-caption alignnone\"><img loading=\"lazy\" decoding=\"async\" aria-describedby=\"caption-attachment-1028\" class=\"size-large wp-image-1028\" src=\"https:\/\/www.valiniemi.com\/wp-content\/uploads\/2016\/09\/20160826_184518-1024x576.jpg\" alt=\"Tamron SP 150-600mm F\/5-6.3 Vi VC USD\" width=\"654\" height=\"368\" srcset=\"https:\/\/www.valiniemi.com\/wp-content\/uploads\/2016\/09\/20160826_184518-1024x576.jpg 1024w, https:\/\/www.valiniemi.com\/wp-content\/uploads\/2016\/09\/20160826_184518-300x169.jpg 300w, https:\/\/www.valiniemi.com\/wp-content\/uploads\/2016\/09\/20160826_184518-768x432.jpg 768w, https:\/\/www.valiniemi.com\/wp-content\/uploads\/2016\/09\/20160826_184518-2x1.jpg 2w\" sizes=\"auto, (max-width: 654px) 100vw, 654px\" \/><p id=\"caption-attachment-1028\" class=\"wp-caption-text\">Tamron SP 150-600mm F\/5-6.3 Vi VC USD<\/p><\/div>\n<p>Nyt alkaa olla kamerassa kokoa ja painoakin hiukan enemm\u00e4n.<\/p>\n<p>Viel\u00e4 odotellaan uutta Wi-fi SD-korttia, joka julkistettiin hiljattain. P\u00e4\u00e4see k\u00e4nnyk\u00e4ll\u00e4 et\u00e4laukaisemaan tai siirt\u00e4m\u00e4\u00e4n kuvia langattomasti koneelle.<\/p>\n<p>Nyt pit\u00e4\u00e4 laittaa isompi kameralaukku tai hankkia vain tuolle objektiiville oma pussukka.<\/p>\n","protected":false},"excerpt":{"rendered":"<p>Ja niin hetken mielijohteesta menin ja vaihdoin 70-300mm:n objektiivini hiukan ulottuvampaan malliin. T\u00e4m\u00e4 on Foto-Formasta napattu, kuten kaikki muutkin kameratavarat. Linssiin viel\u00e4 suojaksi 95mm:n\u00a0Kenko Realpro protector. &nbsp; Nyt alkaa olla kamerassa kokoa ja painoakin hiukan enemm\u00e4n. Viel\u00e4 odotellaan uutta Wi-fi SD-korttia, joka julkistettiin hiljattain. P\u00e4\u00e4see k\u00e4nnyk\u00e4ll\u00e4 et\u00e4laukaisemaan tai siirt\u00e4m\u00e4\u00e4n kuvia langattomasti koneelle. Nyt pit\u00e4\u00e4 laittaa [&hellip;]<\/p>\n","protected":false},"author":1,"featured_media":0,"comment_status":"open","ping_status":"open","sticky":false,"template":"","format":"standard","meta":{"jetpack_post_was_ever_published":false,"_jetpack_newsletter_access":"","_jetpack_dont_email_post_to_subs":true,"_jetpack_newsletter_tier_id":0,"_jetpack_memberships_contains_paywalled_content":false,"_jetpack_memberships_contains_paid_content":false,"footnotes":"","jetpack_publicize_message":"Tamron SP 150-600mm F\/5-6.3 Di VC USD","jetpack_publicize_feature_enabled":true,"jetpack_social_post_already_shared":true,"jetpack_social_options":{"image_generator_settings":{"template":"highway","default_image_id":0,"font":"","enabled":false},"version":2}},"categories":[5,1],"tags":[33,32,34,31],"class_list":["post-638","post","type-post","status-publish","format-standard","hentry","category-valokuvaus","category-yleinen","tag-canon-eos-7d-mark-ii","tag-foto-forma","tag-kenko-realpro","tag-tamron"],"yoast_head":"<!-- This site is optimized with the Yoast SEO plugin v27.4 - https:\/\/yoast.com\/product\/yoast-seo-wordpress\/ -->\n<title>Tamron SP 150-600mm F\/5-6.3 Di VC USD - V\u00e4liniemi<\/title>\n<meta name=\"robots\" content=\"index, follow, max-snippet:-1, max-image-preview:large, max-video-preview:-1\" \/>\n<link rel=\"canonical\" href=\"https:\/\/www.valiniemi.com\/?p=638\" \/>\n<meta property=\"og:locale\" content=\"fi_FI\" \/>\n<meta property=\"og:type\" content=\"article\" \/>\n<meta property=\"og:title\" content=\"Tamron SP 150-600mm F\/5-6.3 Di VC USD - V\u00e4liniemi\" \/>\n<meta property=\"og:description\" content=\"Ja niin hetken mielijohteesta menin ja vaihdoin 70-300mm:n objektiivini hiukan ulottuvampaan malliin. T\u00e4m\u00e4 on Foto-Formasta napattu, kuten kaikki muutkin kameratavarat. Linssiin viel\u00e4 suojaksi 95mm:n\u00a0Kenko Realpro protector. &nbsp; Nyt alkaa olla kamerassa kokoa ja painoakin hiukan enemm\u00e4n. Viel\u00e4 odotellaan uutta Wi-fi SD-korttia, joka julkistettiin hiljattain. P\u00e4\u00e4see k\u00e4nnyk\u00e4ll\u00e4 et\u00e4laukaisemaan tai siirt\u00e4m\u00e4\u00e4n kuvia langattomasti koneelle. Nyt pit\u00e4\u00e4 laittaa [&hellip;]\" \/>\n<meta property=\"og:url\" content=\"https:\/\/www.valiniemi.com\/?p=638\" \/>\n<meta property=\"og:site_name\" content=\"V\u00e4liniemi\" \/>\n<meta property=\"article:published_time\" content=\"2016-08-26T16:17:34+00:00\" \/>\n<meta property=\"article:modified_time\" content=\"2016-09-29T18:47:27+00:00\" \/>\n<meta property=\"og:image\" content=\"http:\/\/www.valiniemi.com\/wp-content\/uploads\/2016\/09\/20160826_184451-1024x576.jpg\" \/>\n<meta name=\"author\" content=\"Ari\" \/>\n<meta name=\"twitter:card\" content=\"summary_large_image\" \/>\n<meta name=\"twitter:label1\" content=\"Kirjoittanut\" \/>\n\t<meta name=\"twitter:data1\" content=\"Ari\" \/>\n\t<meta name=\"twitter:label2\" content=\"Arvioitu lukuaika\" \/>\n\t<meta name=\"twitter:data2\" content=\"1 minuutti\" \/>\n<script type=\"application\/ld+json\" class=\"yoast-schema-graph\">{\"@context\":\"https:\\\/\\\/schema.org\",\"@graph\":[{\"@type\":\"Article\",\"@id\":\"https:\\\/\\\/www.valiniemi.com\\\/?p=638#article\",\"isPartOf\":{\"@id\":\"https:\\\/\\\/www.valiniemi.com\\\/?p=638\"},\"author\":{\"name\":\"Ari\",\"@id\":\"https:\\\/\\\/www.valiniemi.com\\\/#\\\/schema\\\/person\\\/edb2b68a6934a4dc1cd567773d1f454a\"},\"headline\":\"Tamron SP 150-600mm F\\\/5-6.3 Di VC USD\",\"datePublished\":\"2016-08-26T16:17:34+00:00\",\"dateModified\":\"2016-09-29T18:47:27+00:00\",\"mainEntityOfPage\":{\"@id\":\"https:\\\/\\\/www.valiniemi.com\\\/?p=638\"},\"wordCount\":117,\"commentCount\":0,\"publisher\":{\"@id\":\"https:\\\/\\\/www.valiniemi.com\\\/#\\\/schema\\\/person\\\/edb2b68a6934a4dc1cd567773d1f454a\"},\"image\":{\"@id\":\"https:\\\/\\\/www.valiniemi.com\\\/?p=638#primaryimage\"},\"thumbnailUrl\":\"http:\\\/\\\/www.valiniemi.com\\\/wp-content\\\/uploads\\\/2016\\\/09\\\/20160826_184451-1024x576.jpg\",\"keywords\":[\"canon eos 7d mark ii\",\"foto-forma\",\"kenko realpro\",\"tamron\"],\"articleSection\":[\"Valokuvaus\"],\"inLanguage\":\"fi\",\"potentialAction\":[{\"@type\":\"CommentAction\",\"name\":\"Comment\",\"target\":[\"https:\\\/\\\/www.valiniemi.com\\\/?p=638#respond\"]}]},{\"@type\":\"WebPage\",\"@id\":\"https:\\\/\\\/www.valiniemi.com\\\/?p=638\",\"url\":\"https:\\\/\\\/www.valiniemi.com\\\/?p=638\",\"name\":\"Tamron SP 150-600mm F\\\/5-6.3 Di VC USD - V\u00e4liniemi\",\"isPartOf\":{\"@id\":\"https:\\\/\\\/www.valiniemi.com\\\/#website\"},\"primaryImageOfPage\":{\"@id\":\"https:\\\/\\\/www.valiniemi.com\\\/?p=638#primaryimage\"},\"image\":{\"@id\":\"https:\\\/\\\/www.valiniemi.com\\\/?p=638#primaryimage\"},\"thumbnailUrl\":\"http:\\\/\\\/www.valiniemi.com\\\/wp-content\\\/uploads\\\/2016\\\/09\\\/20160826_184451-1024x576.jpg\",\"datePublished\":\"2016-08-26T16:17:34+00:00\",\"dateModified\":\"2016-09-29T18:47:27+00:00\",\"breadcrumb\":{\"@id\":\"https:\\\/\\\/www.valiniemi.com\\\/?p=638#breadcrumb\"},\"inLanguage\":\"fi\",\"potentialAction\":[{\"@type\":\"ReadAction\",\"target\":[\"https:\\\/\\\/www.valiniemi.com\\\/?p=638\"]}]},{\"@type\":\"ImageObject\",\"inLanguage\":\"fi\",\"@id\":\"https:\\\/\\\/www.valiniemi.com\\\/?p=638#primaryimage\",\"url\":\"https:\\\/\\\/www.valiniemi.com\\\/wp-content\\\/uploads\\\/2016\\\/09\\\/20160826_184451.jpg\",\"contentUrl\":\"https:\\\/\\\/www.valiniemi.com\\\/wp-content\\\/uploads\\\/2016\\\/09\\\/20160826_184451.jpg\",\"width\":5312,\"height\":2988},{\"@type\":\"BreadcrumbList\",\"@id\":\"https:\\\/\\\/www.valiniemi.com\\\/?p=638#breadcrumb\",\"itemListElement\":[{\"@type\":\"ListItem\",\"position\":1,\"name\":\"Home\",\"item\":\"https:\\\/\\\/www.valiniemi.com\\\/\"},{\"@type\":\"ListItem\",\"position\":2,\"name\":\"Tamron SP 150-600mm F\\\/5-6.3 Di VC USD\"}]},{\"@type\":\"WebSite\",\"@id\":\"https:\\\/\\\/www.valiniemi.com\\\/#website\",\"url\":\"https:\\\/\\\/www.valiniemi.com\\\/\",\"name\":\"V\u00e4liniemi\",\"description\":\"Enduro \\\/ Drift \\\/ Valokuvaus\",\"publisher\":{\"@id\":\"https:\\\/\\\/www.valiniemi.com\\\/#\\\/schema\\\/person\\\/edb2b68a6934a4dc1cd567773d1f454a\"},\"potentialAction\":[{\"@type\":\"SearchAction\",\"target\":{\"@type\":\"EntryPoint\",\"urlTemplate\":\"https:\\\/\\\/www.valiniemi.com\\\/?s={search_term_string}\"},\"query-input\":{\"@type\":\"PropertyValueSpecification\",\"valueRequired\":true,\"valueName\":\"search_term_string\"}}],\"inLanguage\":\"fi\"},{\"@type\":[\"Person\",\"Organization\"],\"@id\":\"https:\\\/\\\/www.valiniemi.com\\\/#\\\/schema\\\/person\\\/edb2b68a6934a4dc1cd567773d1f454a\",\"name\":\"Ari\",\"image\":{\"@type\":\"ImageObject\",\"inLanguage\":\"fi\",\"@id\":\"https:\\\/\\\/www.valiniemi.com\\\/wp-content\\\/uploads\\\/2023\\\/03\\\/20180420_194810_001-scaled.jpg\",\"url\":\"https:\\\/\\\/www.valiniemi.com\\\/wp-content\\\/uploads\\\/2023\\\/03\\\/20180420_194810_001-scaled.jpg\",\"contentUrl\":\"https:\\\/\\\/www.valiniemi.com\\\/wp-content\\\/uploads\\\/2023\\\/03\\\/20180420_194810_001-scaled.jpg\",\"width\":2560,\"height\":1920,\"caption\":\"Ari\"},\"logo\":{\"@id\":\"https:\\\/\\\/www.valiniemi.com\\\/wp-content\\\/uploads\\\/2023\\\/03\\\/20180420_194810_001-scaled.jpg\"},\"url\":\"https:\\\/\\\/www.valiniemi.com\\\/?author=1\"}]}<\/script>\n<!-- \/ Yoast SEO plugin. -->","yoast_head_json":{"title":"Tamron SP 150-600mm F\/5-6.3 Di VC USD - V\u00e4liniemi","robots":{"index":"index","follow":"follow","max-snippet":"max-snippet:-1","max-image-preview":"max-image-preview:large","max-video-preview":"max-video-preview:-1"},"canonical":"https:\/\/www.valiniemi.com\/?p=638","og_locale":"fi_FI","og_type":"article","og_title":"Tamron SP 150-600mm F\/5-6.3 Di VC USD - V\u00e4liniemi","og_description":"Ja niin hetken mielijohteesta menin ja vaihdoin 70-300mm:n objektiivini hiukan ulottuvampaan malliin. T\u00e4m\u00e4 on Foto-Formasta napattu, kuten kaikki muutkin kameratavarat. Linssiin viel\u00e4 suojaksi 95mm:n\u00a0Kenko Realpro protector. &nbsp; Nyt alkaa olla kamerassa kokoa ja painoakin hiukan enemm\u00e4n. Viel\u00e4 odotellaan uutta Wi-fi SD-korttia, joka julkistettiin hiljattain. P\u00e4\u00e4see k\u00e4nnyk\u00e4ll\u00e4 et\u00e4laukaisemaan tai siirt\u00e4m\u00e4\u00e4n kuvia langattomasti koneelle. Nyt pit\u00e4\u00e4 laittaa [&hellip;]","og_url":"https:\/\/www.valiniemi.com\/?p=638","og_site_name":"V\u00e4liniemi","article_published_time":"2016-08-26T16:17:34+00:00","article_modified_time":"2016-09-29T18:47:27+00:00","og_image":[{"url":"http:\/\/www.valiniemi.com\/wp-content\/uploads\/2016\/09\/20160826_184451-1024x576.jpg","type":"","width":"","height":""}],"author":"Ari","twitter_card":"summary_large_image","twitter_misc":{"Kirjoittanut":"Ari","Arvioitu lukuaika":"1 minuutti"},"schema":{"@context":"https:\/\/schema.org","@graph":[{"@type":"Article","@id":"https:\/\/www.valiniemi.com\/?p=638#article","isPartOf":{"@id":"https:\/\/www.valiniemi.com\/?p=638"},"author":{"name":"Ari","@id":"https:\/\/www.valiniemi.com\/#\/schema\/person\/edb2b68a6934a4dc1cd567773d1f454a"},"headline":"Tamron SP 150-600mm F\/5-6.3 Di VC USD","datePublished":"2016-08-26T16:17:34+00:00","dateModified":"2016-09-29T18:47:27+00:00","mainEntityOfPage":{"@id":"https:\/\/www.valiniemi.com\/?p=638"},"wordCount":117,"commentCount":0,"publisher":{"@id":"https:\/\/www.valiniemi.com\/#\/schema\/person\/edb2b68a6934a4dc1cd567773d1f454a"},"image":{"@id":"https:\/\/www.valiniemi.com\/?p=638#primaryimage"},"thumbnailUrl":"http:\/\/www.valiniemi.com\/wp-content\/uploads\/2016\/09\/20160826_184451-1024x576.jpg","keywords":["canon eos 7d mark ii","foto-forma","kenko realpro","tamron"],"articleSection":["Valokuvaus"],"inLanguage":"fi","potentialAction":[{"@type":"CommentAction","name":"Comment","target":["https:\/\/www.valiniemi.com\/?p=638#respond"]}]},{"@type":"WebPage","@id":"https:\/\/www.valiniemi.com\/?p=638","url":"https:\/\/www.valiniemi.com\/?p=638","name":"Tamron SP 150-600mm F\/5-6.3 Di VC USD - V\u00e4liniemi","isPartOf":{"@id":"https:\/\/www.valiniemi.com\/#website"},"primaryImageOfPage":{"@id":"https:\/\/www.valiniemi.com\/?p=638#primaryimage"},"image":{"@id":"https:\/\/www.valiniemi.com\/?p=638#primaryimage"},"thumbnailUrl":"http:\/\/www.valiniemi.com\/wp-content\/uploads\/2016\/09\/20160826_184451-1024x576.jpg","datePublished":"2016-08-26T16:17:34+00:00","dateModified":"2016-09-29T18:47:27+00:00","breadcrumb":{"@id":"https:\/\/www.valiniemi.com\/?p=638#breadcrumb"},"inLanguage":"fi","potentialAction":[{"@type":"ReadAction","target":["https:\/\/www.valiniemi.com\/?p=638"]}]},{"@type":"ImageObject","inLanguage":"fi","@id":"https:\/\/www.valiniemi.com\/?p=638#primaryimage","url":"https:\/\/www.valiniemi.com\/wp-content\/uploads\/2016\/09\/20160826_184451.jpg","contentUrl":"https:\/\/www.valiniemi.com\/wp-content\/uploads\/2016\/09\/20160826_184451.jpg","width":5312,"height":2988},{"@type":"BreadcrumbList","@id":"https:\/\/www.valiniemi.com\/?p=638#breadcrumb","itemListElement":[{"@type":"ListItem","position":1,"name":"Home","item":"https:\/\/www.valiniemi.com\/"},{"@type":"ListItem","position":2,"name":"Tamron SP 150-600mm F\/5-6.3 Di VC USD"}]},{"@type":"WebSite","@id":"https:\/\/www.valiniemi.com\/#website","url":"https:\/\/www.valiniemi.com\/","name":"V\u00e4liniemi","description":"Enduro \/ Drift \/ Valokuvaus","publisher":{"@id":"https:\/\/www.valiniemi.com\/#\/schema\/person\/edb2b68a6934a4dc1cd567773d1f454a"},"potentialAction":[{"@type":"SearchAction","target":{"@type":"EntryPoint","urlTemplate":"https:\/\/www.valiniemi.com\/?s={search_term_string}"},"query-input":{"@type":"PropertyValueSpecification","valueRequired":true,"valueName":"search_term_string"}}],"inLanguage":"fi"},{"@type":["Person","Organization"],"@id":"https:\/\/www.valiniemi.com\/#\/schema\/person\/edb2b68a6934a4dc1cd567773d1f454a","name":"Ari","image":{"@type":"ImageObject","inLanguage":"fi","@id":"https:\/\/www.valiniemi.com\/wp-content\/uploads\/2023\/03\/20180420_194810_001-scaled.jpg","url":"https:\/\/www.valiniemi.com\/wp-content\/uploads\/2023\/03\/20180420_194810_001-scaled.jpg","contentUrl":"https:\/\/www.valiniemi.com\/wp-content\/uploads\/2023\/03\/20180420_194810_001-scaled.jpg","width":2560,"height":1920,"caption":"Ari"},"logo":{"@id":"https:\/\/www.valiniemi.com\/wp-content\/uploads\/2023\/03\/20180420_194810_001-scaled.jpg"},"url":"https:\/\/www.valiniemi.com\/?author=1"}]}},"jetpack_publicize_connections":[],"jetpack_featured_media_url":"","jetpack_sharing_enabled":true,"jetpack_shortlink":"https:\/\/wp.me\/p7OYs8-ai","_links":{"self":[{"href":"https:\/\/www.valiniemi.com\/index.php?rest_route=\/wp\/v2\/posts\/638","targetHints":{"allow":["GET"]}}],"collection":[{"href":"https:\/\/www.valiniemi.com\/index.php?rest_route=\/wp\/v2\/posts"}],"about":[{"href":"https:\/\/www.valiniemi.com\/index.php?rest_route=\/wp\/v2\/types\/post"}],"author":[{"embeddable":true,"href":"https:\/\/www.valiniemi.com\/index.php?rest_route=\/wp\/v2\/users\/1"}],"replies":[{"embeddable":true,"href":"https:\/\/www.valiniemi.com\/index.php?rest_route=%2Fwp%2Fv2%2Fcomments&post=638"}],"version-history":[{"count":3,"href":"https:\/\/www.valiniemi.com\/index.php?rest_route=\/wp\/v2\/posts\/638\/revisions"}],"predecessor-version":[{"id":1030,"href":"https:\/\/www.valiniemi.com\/index.php?rest_route=\/wp\/v2\/posts\/638\/revisions\/1030"}],"wp:attachment":[{"href":"https:\/\/www.valiniemi.com\/index.php?rest_route=%2Fwp%2Fv2%2Fmedia&parent=638"}],"wp:term":[{"taxonomy":"category","embeddable":true,"href":"https:\/\/www.valiniemi.com\/index.php?rest_route=%2Fwp%2Fv2%2Fcategories&post=638"},{"taxonomy":"post_tag","embeddable":true,"href":"https:\/\/www.valiniemi.com\/index.php?rest_route=%2Fwp%2Fv2%2Ftags&post=638"}],"curies":[{"name":"wp","href":"https:\/\/api.w.org\/{rel}","templated":true}]}}