{"id":140,"date":"2025-01-24T19:43:58","date_gmt":"2025-01-24T19:43:58","guid":{"rendered":"https:\/\/www.valiniemi.com\/tiinasart\/?p=140"},"modified":"2025-04-01T17:36:14","modified_gmt":"2025-04-01T17:36:14","slug":"2025-vuosi-aloitettiin-vesiaiheella","status":"publish","type":"post","link":"https:\/\/www.valiniemi.com\/tiinasart\/taidemaalaus\/2025-vuosi-aloitettiin-vesiaiheella\/","title":{"rendered":"2025 vuosi aloitettiin vesiaiheella"},"content":{"rendered":"\n<figure class=\"wp-block-image size-large\"><img loading=\"lazy\" decoding=\"async\" width=\"797\" height=\"1024\" src=\"https:\/\/www.valiniemi.com\/tiinasart\/wp-content\/uploads\/2025\/01\/20250123_164010-797x1024.jpg\" alt=\"Putous 2025\" class=\"wp-image-138\" srcset=\"https:\/\/www.valiniemi.com\/tiinasart\/wp-content\/uploads\/2025\/01\/20250123_164010-797x1024.jpg 797w, https:\/\/www.valiniemi.com\/tiinasart\/wp-content\/uploads\/2025\/01\/20250123_164010-233x300.jpg 233w, https:\/\/www.valiniemi.com\/tiinasart\/wp-content\/uploads\/2025\/01\/20250123_164010-768x987.jpg 768w, https:\/\/www.valiniemi.com\/tiinasart\/wp-content\/uploads\/2025\/01\/20250123_164010-1195x1536.jpg 1195w, https:\/\/www.valiniemi.com\/tiinasart\/wp-content\/uploads\/2025\/01\/20250123_164010-1594x2048.jpg 1594w, https:\/\/www.valiniemi.com\/tiinasart\/wp-content\/uploads\/2025\/01\/20250123_164010-scaled.jpg 1992w\" sizes=\"auto, (max-width: 709px) 85vw, (max-width: 909px) 67vw, (max-width: 984px) 61vw, (max-width: 1362px) 45vw, 600px\" \/><\/figure>\n\n\n\n<p>Heipsan!<\/p>\n\n\n\n<p>Vuoden ensimm\u00e4inen taulu olisi t\u00e4ss\u00e4. Jos oikein tarkasti katsot, niin sielt\u00e4 l\u00f6ytyy kyll\u00e4 my\u00f6s el\u00e4m\u00e4\u00e4. Lupasin nimitt\u00e4in yritt\u00e4\u00e4 lis\u00e4ill\u00e4 maalauksiini mm. el\u00e4imi\u00e4. Aloitankin vuoden pupuparilla. Mit\u00e4 se sitten ikin\u00e4 tarkoittaakaan t\u00e4lle vuodelle, tai onko muuten vain merkitykset\u00f6nt\u00e4, j\u00e4\u00e4k\u00f6\u00f6t pimentoon. <\/p>\n\n\n\n<p>Vuosi on alkanut kiireisesti. Ei niink\u00e4\u00e4n maalauksen suhteen vain kaiken muun. Ensi kertaa pohdin vuosikalenterin ostamista, ett\u00e4 pysyn luvussa mihin itseni olen luvannut. Jotta balanssi s\u00e4ilyy, on l\u00f6ydytt\u00e4v\u00e4 my\u00f6s n\u00e4it\u00e4 hetki\u00e4 luomiseen. Mulla on kai sis\u00e4inen tarve el\u00e4\u00e4 v\u00e4lill\u00e4 haavemaissa, maalaus on siihen oiva silta. Ja kun uppoutuu mieless\u00e4\u00e4n pois t\u00e4st\u00e4 aikataulutetusta el\u00e4m\u00e4st\u00e4 ja jatkuvasta huolenpidosta, syntyy sitten jotain t\u00e4llaista, kuten vesiputous.<\/p>\n\n\n\n<p>Vuoden ensimm\u00e4inen taiden\u00e4yttelykin  on nyt muuten varattuna. Kyseess\u00e4 ei ole kirjasto tai galleria, vaan ihan Sein\u00e4jokinen baari. Maaliskuussa Still Standin Baarin sein\u00e4t koristellaan nimitt\u00e4in Tiina\u00b4s Art maalauksilla.  Baarissa on kuukausittain vaihtuvat sein\u00e4t. Ja oma vuoro tulikin suhteellisen nopeasti. Jos satut matkailemaan Sein\u00e4joen keskustassa tai asut l\u00e4hist\u00f6ll\u00e4, on nyt yksi hyv\u00e4 syy l\u00e4hte\u00e4 yksille Still Standin Culture Clubille.<\/p>\n\n\n\n<p>Kirjaston\u00e4yttelykin on kyll\u00e4 varattuna. Nurmon kirjastosta bongaat tauluni 2026 tammikuussa.<\/p>\n\n\n\n<p>Vuosi on onneksi vasta alussa. Tarkoitus on n\u00e4ky\u00e4 ja kuulua v\u00e4h\u00e4n enemm\u00e4n kuin t\u00e4h\u00e4n asti.<\/p>\n\n\n\n<p> Kiva kun poikkesit sivustoillani!<\/p>\n\n\n\n<p>-Tiina-<\/p>\n\n\n\n<p><\/p>\n\n\n\n<p><\/p>\n","protected":false},"excerpt":{"rendered":"<p>Heipsan! Vuoden ensimm\u00e4inen taulu olisi t\u00e4ss\u00e4. Jos oikein tarkasti katsot, niin sielt\u00e4 l\u00f6ytyy kyll\u00e4 my\u00f6s el\u00e4m\u00e4\u00e4. Lupasin nimitt\u00e4in yritt\u00e4\u00e4 lis\u00e4ill\u00e4 maalauksiini mm. el\u00e4imi\u00e4. Aloitankin vuoden pupuparilla. Mit\u00e4 se sitten ikin\u00e4 tarkoittaakaan t\u00e4lle vuodelle, tai onko muuten vain merkitykset\u00f6nt\u00e4, j\u00e4\u00e4k\u00f6\u00f6t pimentoon. Vuosi on alkanut kiireisesti. Ei niink\u00e4\u00e4n maalauksen suhteen vain kaiken muun. Ensi kertaa pohdin vuosikalenterin &hellip; <a href=\"https:\/\/www.valiniemi.com\/tiinasart\/taidemaalaus\/2025-vuosi-aloitettiin-vesiaiheella\/\" class=\"more-link\">Jatka lukemista<span class=\"screen-reader-text\"> &#8221;2025 vuosi aloitettiin vesiaiheella&#8221;<\/span><\/a><\/p>\n","protected":false},"author":1,"featured_media":0,"comment_status":"open","ping_status":"open","sticky":false,"template":"","format":"standard","meta":{"footnotes":""},"categories":[11],"tags":[17,16,26,13],"class_list":["post-140","post","type-post","status-publish","format-standard","hentry","category-taidemaalaus","tag-akryylivarimaalaus","tag-harrastukseni","tag-kotigalleria","tag-maisemamaalaus"],"_links":{"self":[{"href":"https:\/\/www.valiniemi.com\/tiinasart\/wp-json\/wp\/v2\/posts\/140","targetHints":{"allow":["GET"]}}],"collection":[{"href":"https:\/\/www.valiniemi.com\/tiinasart\/wp-json\/wp\/v2\/posts"}],"about":[{"href":"https:\/\/www.valiniemi.com\/tiinasart\/wp-json\/wp\/v2\/types\/post"}],"author":[{"embeddable":true,"href":"https:\/\/www.valiniemi.com\/tiinasart\/wp-json\/wp\/v2\/users\/1"}],"replies":[{"embeddable":true,"href":"https:\/\/www.valiniemi.com\/tiinasart\/wp-json\/wp\/v2\/comments?post=140"}],"version-history":[{"count":1,"href":"https:\/\/www.valiniemi.com\/tiinasart\/wp-json\/wp\/v2\/posts\/140\/revisions"}],"predecessor-version":[{"id":141,"href":"https:\/\/www.valiniemi.com\/tiinasart\/wp-json\/wp\/v2\/posts\/140\/revisions\/141"}],"wp:attachment":[{"href":"https:\/\/www.valiniemi.com\/tiinasart\/wp-json\/wp\/v2\/media?parent=140"}],"wp:term":[{"taxonomy":"category","embeddable":true,"href":"https:\/\/www.valiniemi.com\/tiinasart\/wp-json\/wp\/v2\/categories?post=140"},{"taxonomy":"post_tag","embeddable":true,"href":"https:\/\/www.valiniemi.com\/tiinasart\/wp-json\/wp\/v2\/tags?post=140"}],"curies":[{"name":"wp","href":"https:\/\/api.w.org\/{rel}","templated":true}]}}