{"id":180,"date":"2025-05-23T11:31:56","date_gmt":"2025-05-23T11:31:56","guid":{"rendered":"https:\/\/www.valiniemi.com\/tiinasart\/?p=180"},"modified":"2025-07-16T06:48:30","modified_gmt":"2025-07-16T06:48:30","slug":"ensimmainen-taiteilija-avustus","status":"publish","type":"post","link":"https:\/\/www.valiniemi.com\/tiinasart\/taidemaalaus\/ensimmainen-taiteilija-avustus\/","title":{"rendered":"Ensimm\u00e4inen taiteilija-avustus"},"content":{"rendered":"\n<p>Vuoden alusta tammikuussa oli Sein\u00e4joen kaupungilla avoin haku; taitelija-avustukset, nuorten taiteenharrastajien avustukset 2025.<\/p>\n\n\n\n<p>Ensimm\u00e4ist\u00e4 kertaa sovin kategoriaan. Avustusta sai hakea ainoastaan ammattimaisesti taidetta harjoittava henkil\u00f6. My\u00f6nnett\u00e4v\u00e4t avustukset olisivat pieni\u00e4, eik\u00e4 niit\u00e4 ensisijaisesti my\u00f6nnett\u00e4isi samalle henkil\u00f6lle per\u00e4kk\u00e4isin\u00e4 vuosina.<\/p>\n\n\n\n<p>N\u00e4in Y-tunnuksen omaavana t\u00e4m\u00e4 mahdollistui minullekin. <\/p>\n\n\n\n<p>Aina silloin t\u00e4ll\u00f6in n\u00e4kee hakumahdollisuuksia erilaisiin tukiin. Ne ei kuitenkaan mahdollistu ns itsen\u00e4isille taitelijoille, jotka maalailevat vain omissa nimiss\u00e4.  Usein vaaditaan kuuluminen taiteilijaliittoon tai sitten tuo Y-tunnus, vaikka toiminta tai harrastus ei olisikaan p\u00e4\u00e4toimista. <\/p>\n\n\n\n<p>T\u00e4n\u00e4 vuonna Sein\u00e4joen kaupunki jakoi avustuksia yhteens\u00e4 15 200\u20ac. Minun nimeni oli positiivisesti siell\u00e4 aakkoslistan alimmaisena. Taidetarvikkeisiin sain avustusta 500\u20ac. Marraskuun loppuun menness\u00e4 tehd\u00e4\u00e4n viel\u00e4 selvitys siit\u00e4, onko maksettu tuki k\u00e4ytetty alkuper\u00e4iseen tarkoitukseen. <\/p>\n\n\n\n<p>Tuki tuli tarpeeseen ja olen kiitollinen t\u00e4st\u00e4kin osallisuudesta.<\/p>\n\n\n\n<figure class=\"wp-block-gallery has-nested-images columns-default is-cropped wp-block-gallery-1 is-layout-flex wp-block-gallery-is-layout-flex\">\n<figure class=\"wp-block-image size-large\"><img loading=\"lazy\" decoding=\"async\" width=\"874\" height=\"1024\" data-id=\"181\" src=\"https:\/\/www.valiniemi.com\/tiinasart\/wp-content\/uploads\/2025\/05\/20250424_160857-1-874x1024.jpg\" alt=\"\" class=\"wp-image-181\" srcset=\"https:\/\/www.valiniemi.com\/tiinasart\/wp-content\/uploads\/2025\/05\/20250424_160857-1-874x1024.jpg 874w, https:\/\/www.valiniemi.com\/tiinasart\/wp-content\/uploads\/2025\/05\/20250424_160857-1-256x300.jpg 256w, https:\/\/www.valiniemi.com\/tiinasart\/wp-content\/uploads\/2025\/05\/20250424_160857-1-768x900.jpg 768w, https:\/\/www.valiniemi.com\/tiinasart\/wp-content\/uploads\/2025\/05\/20250424_160857-1-1311x1536.jpg 1311w, https:\/\/www.valiniemi.com\/tiinasart\/wp-content\/uploads\/2025\/05\/20250424_160857-1-1748x2048.jpg 1748w\" sizes=\"auto, (max-width: 709px) 85vw, (max-width: 909px) 67vw, (max-width: 1362px) 62vw, 840px\" \/><\/figure>\n<\/figure>\n\n\n\n<p>T\u00e4ss\u00e4 on mm ensimm\u00e4inen teos, joka v\u00e4rittyi tuen my\u00f6t\u00e4 90x90cm:n kokoiselle canvas-pohjalle. Akryyliv\u00e4rimaalaus Hiljaisuus mets\u00e4n yll\u00e4. Se saapuu usvan saattelemana. Teoksen koko on 90x90cm. Myynniss\u00e4 galleriassani.<\/p>\n\n\n\n<p>V\u00e4rikyll\u00e4isyydell\u00e4 jatketaan. Sit\u00e4 luontokin meille nyt tarjoilee. Ammennetaan v\u00e4reist\u00e4 ja valoista voimaa. Kiitos kun k\u00e4v\u00e4isit, tapaamisiin!<\/p>\n\n\n\n<p>-Tiina-<\/p>\n","protected":false},"excerpt":{"rendered":"<p>Vuoden alusta tammikuussa oli Sein\u00e4joen kaupungilla avoin haku; taitelija-avustukset, nuorten taiteenharrastajien avustukset 2025. Ensimm\u00e4ist\u00e4 kertaa sovin kategoriaan. Avustusta sai hakea ainoastaan ammattimaisesti taidetta harjoittava henkil\u00f6. My\u00f6nnett\u00e4v\u00e4t avustukset olisivat pieni\u00e4, eik\u00e4 niit\u00e4 ensisijaisesti my\u00f6nnett\u00e4isi samalle henkil\u00f6lle per\u00e4kk\u00e4isin\u00e4 vuosina. N\u00e4in Y-tunnuksen omaavana t\u00e4m\u00e4 mahdollistui minullekin. Aina silloin t\u00e4ll\u00f6in n\u00e4kee hakumahdollisuuksia erilaisiin tukiin. Ne ei kuitenkaan mahdollistu ns &hellip; <a href=\"https:\/\/www.valiniemi.com\/tiinasart\/taidemaalaus\/ensimmainen-taiteilija-avustus\/\" class=\"more-link\">Jatka lukemista<span class=\"screen-reader-text\"> &#8221;Ensimm\u00e4inen taiteilija-avustus&#8221;<\/span><\/a><\/p>\n","protected":false},"author":1,"featured_media":0,"comment_status":"open","ping_status":"open","sticky":false,"template":"","format":"standard","meta":{"footnotes":""},"categories":[11],"tags":[17,28,12,27],"class_list":["post-180","post","type-post","status-publish","format-standard","hentry","category-taidemaalaus","tag-akryylivarimaalaus","tag-harrastus","tag-taidemaalaus","tag-taitelija-avustus"],"_links":{"self":[{"href":"https:\/\/www.valiniemi.com\/tiinasart\/wp-json\/wp\/v2\/posts\/180","targetHints":{"allow":["GET"]}}],"collection":[{"href":"https:\/\/www.valiniemi.com\/tiinasart\/wp-json\/wp\/v2\/posts"}],"about":[{"href":"https:\/\/www.valiniemi.com\/tiinasart\/wp-json\/wp\/v2\/types\/post"}],"author":[{"embeddable":true,"href":"https:\/\/www.valiniemi.com\/tiinasart\/wp-json\/wp\/v2\/users\/1"}],"replies":[{"embeddable":true,"href":"https:\/\/www.valiniemi.com\/tiinasart\/wp-json\/wp\/v2\/comments?post=180"}],"version-history":[{"count":1,"href":"https:\/\/www.valiniemi.com\/tiinasart\/wp-json\/wp\/v2\/posts\/180\/revisions"}],"predecessor-version":[{"id":182,"href":"https:\/\/www.valiniemi.com\/tiinasart\/wp-json\/wp\/v2\/posts\/180\/revisions\/182"}],"wp:attachment":[{"href":"https:\/\/www.valiniemi.com\/tiinasart\/wp-json\/wp\/v2\/media?parent=180"}],"wp:term":[{"taxonomy":"category","embeddable":true,"href":"https:\/\/www.valiniemi.com\/tiinasart\/wp-json\/wp\/v2\/categories?post=180"},{"taxonomy":"post_tag","embeddable":true,"href":"https:\/\/www.valiniemi.com\/tiinasart\/wp-json\/wp\/v2\/tags?post=180"}],"curies":[{"name":"wp","href":"https:\/\/api.w.org\/{rel}","templated":true}]}}