{"id":310,"date":"2026-04-27T16:37:45","date_gmt":"2026-04-27T16:37:45","guid":{"rendered":"https:\/\/www.valiniemi.com\/tiinasart\/?p=310"},"modified":"2026-04-27T16:39:04","modified_gmt":"2026-04-27T16:39:04","slug":"seinamaalaus","status":"publish","type":"post","link":"https:\/\/www.valiniemi.com\/tiinasart\/taidemaalaus\/seinamaalaus\/","title":{"rendered":"Sein\u00e4maalaus"},"content":{"rendered":"\n<p>Viimeinenkin j\u00e4lkikasvusta muutti kev\u00e4\u00e4n aikana omilleen. H\u00e4nen huoneena toiminut tila sai yhdelle sein\u00e4lle uutta v\u00e4ri\u00e4. Huoneen k\u00e4ytt\u00f6tarkoitus ja loppustailaus on viel\u00e4 avoimena. Jostain sent\u00e4\u00e4n pit\u00e4\u00e4 aloittaa ja miksip\u00e4 ei taiteesta. Nyt on sitten kodin sein\u00e4ss\u00e4 ensimm\u00e4inen  muraali.<\/p>\n\n\n\n<p>Kotini on galleriani, konkreettisesti nyt seinineen. T\u00e4m\u00e4 sein\u00e4maalaus tuskin j\u00e4\u00e4 ainokaiseksi. Suuren teoksen maalaus sein\u00e4\u00e4n oli eritt\u00e4in mieluisaa. Ja koska oman sein\u00e4n maalaus oli kyseess\u00e4, ei aikataulustressi\u00e4k\u00e4\u00e4n tullut.<\/p>\n\n\n\n<figure class=\"wp-block-gallery has-nested-images columns-default is-cropped wp-block-gallery-1 is-layout-flex wp-block-gallery-is-layout-flex\">\n<figure class=\"wp-block-image size-large\"><img loading=\"lazy\" decoding=\"async\" width=\"955\" height=\"1024\" data-id=\"290\" src=\"https:\/\/www.valiniemi.com\/tiinasart\/wp-content\/uploads\/2026\/04\/20260426_161102-scaled-e1777306995285-955x1024.jpg\" alt=\"\" class=\"wp-image-290\" srcset=\"https:\/\/www.valiniemi.com\/tiinasart\/wp-content\/uploads\/2026\/04\/20260426_161102-scaled-e1777306995285-955x1024.jpg 955w, https:\/\/www.valiniemi.com\/tiinasart\/wp-content\/uploads\/2026\/04\/20260426_161102-scaled-e1777306995285-280x300.jpg 280w, https:\/\/www.valiniemi.com\/tiinasart\/wp-content\/uploads\/2026\/04\/20260426_161102-scaled-e1777306995285-768x823.jpg 768w, https:\/\/www.valiniemi.com\/tiinasart\/wp-content\/uploads\/2026\/04\/20260426_161102-scaled-e1777306995285-1433x1536.jpg 1433w, https:\/\/www.valiniemi.com\/tiinasart\/wp-content\/uploads\/2026\/04\/20260426_161102-scaled-e1777306995285-1200x1287.jpg 1200w, https:\/\/www.valiniemi.com\/tiinasart\/wp-content\/uploads\/2026\/04\/20260426_161102-scaled-e1777306995285.jpg 1441w\" sizes=\"auto, (max-width: 709px) 85vw, (max-width: 909px) 67vw, (max-width: 1362px) 62vw, 840px\" \/><\/figure>\n<\/figure>\n\n\n\n<p>Tuo sein\u00e4pinta on pystymuuria. Rapattu ja maalattu pinta oli akryylimaalaukselle oikein sopiva. Tavallisesti pinkopohjia v\u00e4ritt\u00e4neen\u00e4 huomasin nauttivani t\u00e4st\u00e4 paljon enemm\u00e4n. T\u00e4t\u00e4 taidemuotoa olisikin kiva toteuttaa enemm\u00e4n. <\/p>\n\n\n\n<p> En yleens\u00e4 piirtele mihink\u00e4\u00e4n maalaukseeni suunnitelmaa kyn\u00e4ll\u00e4. Maalaan sen sijaan kaiken siveltimill\u00e4, my\u00f6s tuon hahmotuksen. V\u00e4ri\u00e4 lis\u00e4ilen maalauksen edetess\u00e4 ja yleens\u00e4 tuo maisema muovautuukin tai muuttuu maalatessa. Sit\u00e4 alkaa n\u00e4hd\u00e4 teoksen my\u00f6s mieless\u00e4\u00e4n suurena maisemana, jota haluaa esitt\u00e4\u00e4 maalaten muillekin katsojille. Mahdollisimman kuvaavasti tietenkin. Yrit\u00e4n tallentaa maalauksiini my\u00f6s tietynlaisen tunnelman. <\/p>\n\n\n\n<p>Aina on kiva kuulla, jos joku  maalauksen katsoja mainitsee tulkinneensa sellaista, jota olen yritt\u00e4nytkin v\u00e4litt\u00e4\u00e4. Teos on yleens\u00e4 tekij\u00e4lleen silloin onnistunut.<\/p>\n\n\n\n<figure class=\"wp-block-gallery has-nested-images columns-default is-cropped wp-block-gallery-2 is-layout-flex wp-block-gallery-is-layout-flex\">\n<figure class=\"wp-block-image size-large\"><img loading=\"lazy\" decoding=\"async\" width=\"628\" height=\"1024\" data-id=\"288\" src=\"https:\/\/www.valiniemi.com\/tiinasart\/wp-content\/uploads\/2026\/04\/20260426_160928-628x1024.jpg\" alt=\"\" class=\"wp-image-288\" srcset=\"https:\/\/www.valiniemi.com\/tiinasart\/wp-content\/uploads\/2026\/04\/20260426_160928-628x1024.jpg 628w, https:\/\/www.valiniemi.com\/tiinasart\/wp-content\/uploads\/2026\/04\/20260426_160928-184x300.jpg 184w, https:\/\/www.valiniemi.com\/tiinasart\/wp-content\/uploads\/2026\/04\/20260426_160928-768x1252.jpg 768w, https:\/\/www.valiniemi.com\/tiinasart\/wp-content\/uploads\/2026\/04\/20260426_160928-943x1536.jpg 943w, https:\/\/www.valiniemi.com\/tiinasart\/wp-content\/uploads\/2026\/04\/20260426_160928-1257x2048.jpg 1257w, https:\/\/www.valiniemi.com\/tiinasart\/wp-content\/uploads\/2026\/04\/20260426_160928-1200x1956.jpg 1200w, https:\/\/www.valiniemi.com\/tiinasart\/wp-content\/uploads\/2026\/04\/20260426_160928-scaled.jpg 1571w\" sizes=\"auto, (max-width: 709px) 85vw, (max-width: 909px) 67vw, (max-width: 984px) 61vw, (max-width: 1362px) 45vw, 600px\" \/><\/figure>\n<\/figure>\n\n\n\n<p>Viel\u00e4 toivomuslistalla on joskus saada t\u00e4h\u00e4n maalaukseen jonkinlaiset kehykset. Katsotaan riitt\u00e4\u00e4k\u00f6 puolisolla innokkuutta toteutukseen.<\/p>\n","protected":false},"excerpt":{"rendered":"<p>Viimeinenkin j\u00e4lkikasvusta muutti kev\u00e4\u00e4n aikana omilleen. H\u00e4nen huoneena toiminut tila sai yhdelle sein\u00e4lle uutta v\u00e4ri\u00e4. Huoneen k\u00e4ytt\u00f6tarkoitus ja loppustailaus on viel\u00e4 avoimena. Jostain sent\u00e4\u00e4n pit\u00e4\u00e4 aloittaa ja miksip\u00e4 ei taiteesta. Nyt on sitten kodin sein\u00e4ss\u00e4 ensimm\u00e4inen muraali. Kotini on galleriani, konkreettisesti nyt seinineen. T\u00e4m\u00e4 sein\u00e4maalaus tuskin j\u00e4\u00e4 ainokaiseksi. Suuren teoksen maalaus sein\u00e4\u00e4n oli eritt\u00e4in mieluisaa. &hellip; <a href=\"https:\/\/www.valiniemi.com\/tiinasart\/taidemaalaus\/seinamaalaus\/\" class=\"more-link\">Jatka lukemista<span class=\"screen-reader-text\"> &#8221;Sein\u00e4maalaus&#8221;<\/span><\/a><\/p>\n","protected":false},"author":1,"featured_media":0,"comment_status":"open","ping_status":"open","sticky":false,"template":"","format":"standard","meta":{"footnotes":""},"categories":[11],"tags":[32,33,34],"class_list":["post-310","post","type-post","status-publish","format-standard","hentry","category-taidemaalaus","tag-muraali","tag-seinamaalaus","tag-suuri-maalaus"],"_links":{"self":[{"href":"https:\/\/www.valiniemi.com\/tiinasart\/wp-json\/wp\/v2\/posts\/310","targetHints":{"allow":["GET"]}}],"collection":[{"href":"https:\/\/www.valiniemi.com\/tiinasart\/wp-json\/wp\/v2\/posts"}],"about":[{"href":"https:\/\/www.valiniemi.com\/tiinasart\/wp-json\/wp\/v2\/types\/post"}],"author":[{"embeddable":true,"href":"https:\/\/www.valiniemi.com\/tiinasart\/wp-json\/wp\/v2\/users\/1"}],"replies":[{"embeddable":true,"href":"https:\/\/www.valiniemi.com\/tiinasart\/wp-json\/wp\/v2\/comments?post=310"}],"version-history":[{"count":1,"href":"https:\/\/www.valiniemi.com\/tiinasart\/wp-json\/wp\/v2\/posts\/310\/revisions"}],"predecessor-version":[{"id":311,"href":"https:\/\/www.valiniemi.com\/tiinasart\/wp-json\/wp\/v2\/posts\/310\/revisions\/311"}],"wp:attachment":[{"href":"https:\/\/www.valiniemi.com\/tiinasart\/wp-json\/wp\/v2\/media?parent=310"}],"wp:term":[{"taxonomy":"category","embeddable":true,"href":"https:\/\/www.valiniemi.com\/tiinasart\/wp-json\/wp\/v2\/categories?post=310"},{"taxonomy":"post_tag","embeddable":true,"href":"https:\/\/www.valiniemi.com\/tiinasart\/wp-json\/wp\/v2\/tags?post=310"}],"curies":[{"name":"wp","href":"https:\/\/api.w.org\/{rel}","templated":true}]}}