{"id":93,"date":"2024-12-01T19:38:08","date_gmt":"2024-12-01T19:38:08","guid":{"rendered":"https:\/\/www.valiniemi.com\/tiinasart\/?p=93"},"modified":"2026-04-26T18:55:57","modified_gmt":"2026-04-26T18:55:57","slug":"tervetuloa-taidesivuilleni","status":"publish","type":"post","link":"https:\/\/www.valiniemi.com\/tiinasart\/taidenayttely\/tervetuloa-taidesivuilleni\/","title":{"rendered":"Tervetuloa taidesivuilleni"},"content":{"rendered":"\n<p>Pitk\u00e4n tauon j\u00e4lkeen t\u00e4\u00e4ll\u00e4 taas ja uudistetuin sivuin. T\u00e4ss\u00e4 vasta opetellaan uuden pohjan t\u00e4ytt\u00f6\u00e4, joten pikkuhiljaa tekeytyy. Tarkoitus on tosiaan n\u00e4ill\u00e4 sivuilla keskitty\u00e4 taideharrastukseeni. Sivustoilla on nyt vasta omaesittely ja aloitus gallerialle. Sinne on viel\u00e4 tulossa kuvat\u00e4ydennyst\u00e4 ja kuvista n\u00e4etkin suoraan mitk\u00e4 teokset ovat myynniss\u00e4 jos kiinnostus her\u00e4si. Tavoitat minut taiteilija taulujen takana sivun kommenttikent\u00e4ll\u00e4.<\/p>\n\n\n\n<p>T\u00e4n\u00e4\u00e4n avautui minun taiden\u00e4yttely Sein\u00e4joen p\u00e4\u00e4kirjasto Apilaan. Apilan alakerran n\u00e4yttelytilassa taidettani 2024 on esill\u00e4 1.12.2024-5.1.2025. Tervetuloa Luonnon helmassa n\u00e4yttelyyn. J\u00e4t\u00e4th\u00e4n kommentin tai lyhyen viestin k\u00e4ynnist\u00e4si vihkoon.<\/p>\n\n\n\n<p> Ja teille, jotka olette Sein\u00e4joesta liian kaukana, n\u00e4yttelyyn p\u00e4\u00e4see tutustumaan videon v\u00e4lityksell\u00e4.<\/p>\n\n\n\n<figure class=\"wp-block-video\"><video height=\"478\" style=\"aspect-ratio: 848 \/ 478;\" width=\"848\" controls src=\"https:\/\/www.valiniemi.com\/tiinasart\/wp-content\/uploads\/2024\/12\/VID-20241201-WA00071.mp4\"><\/video><\/figure>\n","protected":false},"excerpt":{"rendered":"<p>Pitk\u00e4n tauon j\u00e4lkeen t\u00e4\u00e4ll\u00e4 taas ja uudistetuin sivuin. T\u00e4ss\u00e4 vasta opetellaan uuden pohjan t\u00e4ytt\u00f6\u00e4, joten pikkuhiljaa tekeytyy. Tarkoitus on tosiaan n\u00e4ill\u00e4 sivuilla keskitty\u00e4 taideharrastukseeni. Sivustoilla on nyt vasta omaesittely ja aloitus gallerialle. Sinne on viel\u00e4 tulossa kuvat\u00e4ydennyst\u00e4 ja kuvista n\u00e4etkin suoraan mitk\u00e4 teokset ovat myynniss\u00e4 jos kiinnostus her\u00e4si. Tavoitat minut taiteilija taulujen takana sivun kommenttikent\u00e4ll\u00e4. &hellip; <a href=\"https:\/\/www.valiniemi.com\/tiinasart\/taidenayttely\/tervetuloa-taidesivuilleni\/\" class=\"more-link\">Jatka lukemista<span class=\"screen-reader-text\"> &#8221;Tervetuloa taidesivuilleni&#8221;<\/span><\/a><\/p>\n","protected":false},"author":1,"featured_media":0,"comment_status":"open","ping_status":"open","sticky":false,"template":"","format":"standard","meta":{"footnotes":""},"categories":[10],"tags":[9,6,8,7,5],"class_list":["post-93","post","type-post","status-publish","format-standard","hentry","category-taidenayttely","tag-akryylimaalauksia","tag-apilakirjasto","tag-maalauksia","tag-seinajoen-kaupunginkirjasto","tag-taidenayttely"],"_links":{"self":[{"href":"https:\/\/www.valiniemi.com\/tiinasart\/wp-json\/wp\/v2\/posts\/93","targetHints":{"allow":["GET"]}}],"collection":[{"href":"https:\/\/www.valiniemi.com\/tiinasart\/wp-json\/wp\/v2\/posts"}],"about":[{"href":"https:\/\/www.valiniemi.com\/tiinasart\/wp-json\/wp\/v2\/types\/post"}],"author":[{"embeddable":true,"href":"https:\/\/www.valiniemi.com\/tiinasart\/wp-json\/wp\/v2\/users\/1"}],"replies":[{"embeddable":true,"href":"https:\/\/www.valiniemi.com\/tiinasart\/wp-json\/wp\/v2\/comments?post=93"}],"version-history":[{"count":2,"href":"https:\/\/www.valiniemi.com\/tiinasart\/wp-json\/wp\/v2\/posts\/93\/revisions"}],"predecessor-version":[{"id":301,"href":"https:\/\/www.valiniemi.com\/tiinasart\/wp-json\/wp\/v2\/posts\/93\/revisions\/301"}],"wp:attachment":[{"href":"https:\/\/www.valiniemi.com\/tiinasart\/wp-json\/wp\/v2\/media?parent=93"}],"wp:term":[{"taxonomy":"category","embeddable":true,"href":"https:\/\/www.valiniemi.com\/tiinasart\/wp-json\/wp\/v2\/categories?post=93"},{"taxonomy":"post_tag","embeddable":true,"href":"https:\/\/www.valiniemi.com\/tiinasart\/wp-json\/wp\/v2\/tags?post=93"}],"curies":[{"name":"wp","href":"https:\/\/api.w.org\/{rel}","templated":true}]}}